{"id":1019,"date":"2021-09-13T13:27:22","date_gmt":"2021-09-13T13:27:22","guid":{"rendered":"https:\/\/ren.roya.org\/?p=1019"},"modified":"2022-10-07T20:41:35","modified_gmt":"2022-10-07T20:41:35","slug":"pour-nous-mais-avec-ou-sans-nous","status":"publish","type":"post","link":"https:\/\/ren.valroya.org\/?p=1019","title":{"rendered":"Pour nous, mais avec ou sans nous ? Appel du 2 octobre 2021"},"content":{"rendered":"\n<figure class=\"wp-block-image\"><img loading=\"lazy\" decoding=\"async\" width=\"1024\" height=\"768\" src=\"https:\/\/ren.valroya.org\/wp-content\/uploads\/AvecVous-1024x768.jpg\" alt=\"\" class=\"wp-image-1020\" srcset=\"https:\/\/ren.valroya.org\/wp-content\/uploads\/AvecVous-1024x768.jpg 1024w, https:\/\/ren.valroya.org\/wp-content\/uploads\/AvecVous-300x225.jpg 300w, https:\/\/ren.valroya.org\/wp-content\/uploads\/AvecVous-768x576.jpg 768w, https:\/\/ren.valroya.org\/wp-content\/uploads\/AvecVous-400x300.jpg 400w, https:\/\/ren.valroya.org\/wp-content\/uploads\/AvecVous.jpg 1063w\" sizes=\"auto, (max-width: 1024px) 100vw, 1024px\" \/><figcaption>Une vall\u00e9e verte ?<\/figcaption><\/figure>\n\n\n\n<p><strong>L&rsquo;avenir de la vall\u00e9e se construira avec la ligne ferroviaire, mais pour le moment le financement est ailleurs: sur la route. Et si vous nous demandiez de quoi on a besoin? C&rsquo;est pour quand la concertation avec les habitants?<\/strong> <\/p>\n\n\n\n<p class=\"has-text-align-center has-luminous-vivid-amber-background-color has-background\"><strong>REN est signataire de l&rsquo;appel lanc\u00e9 \u00e0 l&rsquo;occasion du 2 octobre 2021<\/strong><\/p>\n\n\n\n<p><strong>Nous, habitant(e)s et\namie(e)s de la Roya, <\/strong><\/p>\n\n\n\n<p><strong>Victimes et t\u00e9moins directs\ndes ravages provoqu\u00e9s par la crise climatique.<\/strong><\/p>\n\n\n\n<p><strong>Affirmons notre volont\u00e9 de vivre et non seulement survivre&nbsp;!<\/strong><\/p>\n\n\n\n<p><strong>D\u00e9velopper le train, notre Ligne de Vie<\/strong>. <\/p>\n\n\n\n<p>Assurons-nous que les investissements promis\nsoient engag\u00e9s . Ouvrons la aussi au fret ferroviaire, puisque le passage\nroutier vers le Pi\u00e9mont ne sera pas r\u00e9tabli avant des ann\u00e9es. <\/p>\n\n\n\n<p><strong>Etre aux c\u00f4t\u00e9s des sinistr\u00e9s.<\/strong><\/p>\n\n\n\n<p>Beaucoup ne\nsont pas tir\u00e9s d\u2019affaire et demeurent dans l\u2019incertitude. Leurs droits doivent\n\u00eatre respect\u00e9s et parmi eux, celui d\u2019avoir rapidement des r\u00e9ponses et d\u2019\u00eatre\naccompagn\u00e9s.<\/p>\n\n\n\n<p><strong>Vivre avec l\u2019eau, pas contre\nl\u2019eau<\/strong><\/p>\n\n\n\n<p>Nous pouvons t\u00e9moigner qu\u2019elle sera\ntoujours plus forte que le plus r\u00e9sistant des b\u00e9tons. Nous savons que des\nsolutions existent pour v\u00e9g\u00e9taliser les berges, freiner l\u2019\u00e9rosion tout en\npr\u00e9servant la biodiversit\u00e9.<\/p>\n\n\n\n<p><strong>Valoriser la route autrement<\/strong><\/p>\n\n\n\n<p>Profitons de sa reconstruction pour\nl\u2019am\u00e9nager, et permettre aux cyclistes et aux autres usagers de la parcourir en\ns\u00e9curit\u00e9. Ecartons l\u2019id\u00e9e d\u2019en faire un corridor \u00e0 grand gabarit, affirmons son\ncaract\u00e8re touristique et patrimonial.<\/p>\n\n\n\n<p><strong>Retrouver nos amis Italiens<\/strong><strong>. <\/strong><\/p>\n\n\n\n<p>Notre situation entre deux fronti\u00e8res est\nune ressource. Renfor\u00e7ons nos \u00e9changes avec le Pi\u00e9mont et la Ligurie&nbsp;: ils\nont beaucoup \u00e0 nous apporter, par leur exp\u00e9rience de la valorisation du\npatrimoine et du d\u00e9veloppement durable de l\u2019\u00e9conomie rurale. Il nous ont\napport\u00e9 la preuve des liens qui nous unissent&nbsp;!<\/p>\n\n\n\n<p><strong>Encourager les acteurs \u00e9conomiques\u2026<\/strong><\/p>\n\n\n\n<p>\u2026qui souhaitent venir s\u2019installer- ou\nrester \u2013 ici. Des aides r\u00e9duiront le risque qu\u2019ils prennent. Ils doivent aussi \u00eatre\naccompagn\u00e9s vers la transition \u00e9cologique de leur activit\u00e9, devenue un\nimp\u00e9ratif.<\/p>\n\n\n\n<p><strong>Am\u00e9nager un territoire \u00ab&nbsp;durable et r\u00e9silient&nbsp;\u00bb.<\/strong><\/p>\n\n\n\n<p>Ne sommes-nous pas en train de retrouver\nun \u00ab&nbsp;avant&nbsp;\u00bb qui nous a men\u00e9 l\u00e0 o\u00f9 nous en sommes&nbsp;? Explorons\nd\u2019autres pistes (Prise en compte des risques, transport par c\u00e2ble, slow\ntourisme, mobilit\u00e9s douces, \u00e9nergies renouvelables, mise en valeur durable de\nl\u2019agriculture, de l\u2019\u00e9levage, de l\u2019artisanat\u2026 )<\/p>\n\n\n\n<p><strong>Donner aux jeunes la possibilit\u00e9 de rester ici<\/strong>, <\/p>\n\n\n\n<p>Renfor\u00e7ons les \u00e9tablissements scolaires\nen refusant toute r\u00e9duction de moyens. Aidons les associations qui font tant\npour pr\u00e9senter une offre culturelle et sportive. Am\u00e9liorons concr\u00e8tement l\u2019offre\nde logement.<\/p>\n\n\n\n<p><strong>Participer aux choix qui nous regardent tous<\/strong><\/p>\n\n\n\n<p>Etre inform\u00e9s, consult\u00e9s et d\u00e9battre sur\nles intentions des divers acteurs engag\u00e9s dans la reconstruction. Nous devons\npartager cet enjeu avec les \u00e9lus. Les projets citoyens doivent \u00eatre encourag\u00e9s.<\/p>\n\n\n\n<p><strong>Sign\u00e9&nbsp;: Un collectif\nd\u2019habitants et d\u2019associations de toute la Roya, Tende, 23 Octobre 2021<\/strong><\/p>\n\n\n\n<p><strong>Informations&nbsp;:\ncontact@remontonslaroya.org<\/strong><\/p>\n","protected":false},"excerpt":{"rendered":"<p>L&rsquo;avenir de la vall\u00e9e se construira avec la ligne ferroviaire, mais pour le moment le financement est ailleurs: sur la route. Et si vous nous demandiez de quoi on a besoin? C&rsquo;est pour quand la concertation avec les habitants? REN est signataire de l&rsquo;appel lanc\u00e9 \u00e0 l&rsquo;occasion du 2 octobre 2021 Nous, habitant(e)s et amie(e)s [&hellip;]<\/p>\n","protected":false},"author":3,"featured_media":1020,"comment_status":"closed","ping_status":"closed","sticky":false,"template":"","format":"standard","meta":{"_uag_custom_page_level_css":"","footnotes":""},"categories":[4],"tags":[],"class_list":["post-1019","post","type-post","status-publish","format-standard","has-post-thumbnail","hentry","category-motions"],"author_data":{"name":"adminren","url":"https:\/\/ren.valroya.org\/?author=3"},"excerpt_data":"Une vall\u00e9e verte ? L'avenir de la vall\u00e9e se construira avec la ligne ferroviaire, mais...","categories_data":{"4":{"term_id":4,"name":"Motions-P\u00e9titions","slug":"motions","term_group":0,"term_taxonomy_id":4,"taxonomy":"category","description":"","parent":0,"count":25,"filter":"raw","cat_ID":4,"category_count":25,"category_description":"","cat_name":"Motions-P\u00e9titions","category_nicename":"motions","category_parent":0}},"featured_image_src":"https:\/\/ren.valroya.org\/wp-content\/uploads\/AvecVous.jpg","date_formated":"September 13, 2021","uagb_featured_image_src":{"full":["https:\/\/ren.valroya.org\/wp-content\/uploads\/AvecVous.jpg",1063,797,false],"thumbnail":["https:\/\/ren.valroya.org\/wp-content\/uploads\/AvecVous-150x150.jpg",150,150,true],"medium":["https:\/\/ren.valroya.org\/wp-content\/uploads\/AvecVous-300x225.jpg",300,225,true],"medium_large":["https:\/\/ren.valroya.org\/wp-content\/uploads\/AvecVous-768x576.jpg",640,480,true],"large":["https:\/\/ren.valroya.org\/wp-content\/uploads\/AvecVous-1024x768.jpg",640,480,true],"1536x1536":["https:\/\/ren.valroya.org\/wp-content\/uploads\/AvecVous.jpg",1063,797,false],"2048x2048":["https:\/\/ren.valroya.org\/wp-content\/uploads\/AvecVous.jpg",1063,797,false],"blogus-slider-full":["https:\/\/ren.valroya.org\/wp-content\/uploads\/AvecVous.jpg",960,720,false],"blogus-featured":["https:\/\/ren.valroya.org\/wp-content\/uploads\/AvecVous.jpg",1024,768,false],"blogus-medium":["https:\/\/ren.valroya.org\/wp-content\/uploads\/AvecVous.jpg",507,380,false]},"uagb_author_info":{"display_name":"adminren","author_link":"https:\/\/ren.valroya.org\/?author=3"},"uagb_comment_info":0,"uagb_excerpt":"L&rsquo;avenir de la vall\u00e9e se construira avec la ligne ferroviaire, mais pour le moment le financement est ailleurs: sur la route. Et si vous nous demandiez de quoi on a besoin? C&rsquo;est pour quand la concertation avec les habitants? REN est signataire de l&rsquo;appel lanc\u00e9 \u00e0 l&rsquo;occasion du 2 octobre 2021 Nous, habitant(e)s et amie(e)s\u2026","_links":{"self":[{"href":"https:\/\/ren.valroya.org\/index.php?rest_route=\/wp\/v2\/posts\/1019","targetHints":{"allow":["GET"]}}],"collection":[{"href":"https:\/\/ren.valroya.org\/index.php?rest_route=\/wp\/v2\/posts"}],"about":[{"href":"https:\/\/ren.valroya.org\/index.php?rest_route=\/wp\/v2\/types\/post"}],"author":[{"embeddable":true,"href":"https:\/\/ren.valroya.org\/index.php?rest_route=\/wp\/v2\/users\/3"}],"replies":[{"embeddable":true,"href":"https:\/\/ren.valroya.org\/index.php?rest_route=%2Fwp%2Fv2%2Fcomments&post=1019"}],"version-history":[{"count":6,"href":"https:\/\/ren.valroya.org\/index.php?rest_route=\/wp\/v2\/posts\/1019\/revisions"}],"predecessor-version":[{"id":1053,"href":"https:\/\/ren.valroya.org\/index.php?rest_route=\/wp\/v2\/posts\/1019\/revisions\/1053"}],"wp:featuredmedia":[{"embeddable":true,"href":"https:\/\/ren.valroya.org\/index.php?rest_route=\/wp\/v2\/media\/1020"}],"wp:attachment":[{"href":"https:\/\/ren.valroya.org\/index.php?rest_route=%2Fwp%2Fv2%2Fmedia&parent=1019"}],"wp:term":[{"taxonomy":"category","embeddable":true,"href":"https:\/\/ren.valroya.org\/index.php?rest_route=%2Fwp%2Fv2%2Fcategories&post=1019"},{"taxonomy":"post_tag","embeddable":true,"href":"https:\/\/ren.valroya.org\/index.php?rest_route=%2Fwp%2Fv2%2Ftags&post=1019"}],"curies":[{"name":"wp","href":"https:\/\/api.w.org\/{rel}","templated":true}]}}