{"id":1096,"date":"2022-01-02T13:22:39","date_gmt":"2022-01-02T13:22:39","guid":{"rendered":"https:\/\/ren.roya.org\/?p=1096"},"modified":"2022-01-02T13:24:47","modified_gmt":"2022-01-02T13:24:47","slug":"bulletin-du-8-octobre","status":"publish","type":"post","link":"https:\/\/ren.valroya.org\/?p=1096","title":{"rendered":"Bulletin du 8 octobre 2021"},"content":{"rendered":"\n<p>Chers adh\u00e9rents et sympathisants,&nbsp;<\/p>\n\n\n\n<p>&nbsp; &nbsp;Nous avons lanc\u00e9 de nombreux appels pour que les \u00e9lus et les administrations ne se contentent pas des habituelles \u00ab&nbsp;r\u00e9unions d&rsquo;information&nbsp;\u00bb, mais se d\u00e9cident \u00e0 nous inclure dans les processus de d\u00e9cision.<br>On vient de franchir une \u00e9tape avec l&rsquo;organisation d&rsquo;un atelier. Les capacit\u00e9s de la f\u00e9d\u00e9ration France Nature Environnement PACA, accompagn\u00e9e par&nbsp;FNE06 et REN, ont permis de rassembler des personnes comp\u00e9tentes pour donner des explications sur la crue du 2 octobre 2020, sur ses cons\u00e9quences et sur les actions entreprises ou propos\u00e9es, que nous pourrons questionner.<\/p>\n\n\n\n<p><strong>Nous vous invitons le 23 octobre 2021 \u00e0 une r\u00e9union o\u00f9 seront \u00e9voqu\u00e9es les interactions entre nos modes de vie dans les vall\u00e9es et les ph\u00e9nom\u00e8nes climatiques affectant les cours d&rsquo;eau.<\/strong><\/p>\n\n\n\n<p>Les intervenants et les participants pouvant se rendre sur place seront accueillis dans une salle r\u00e9serv\u00e9e \u00e0 Saint Laurent du Var, mais il sera possible d&rsquo;assister et de poser des questions \u00e0 distance.<\/p>\n\n\n\n<p>La plaquette d\u00e9taillant\u00a0l&rsquo;organisation est sur le site de REN l\u00e0 :<br><a rel=\"noreferrer noopener\" href=\"https:\/\/ren.valroya.org\/?p=1035\" target=\"_blank\">https:\/\/ren.valroya.org\/?p=1035<\/a><br><em>Note du 2 janvier 2022: la page contient aussi le compte-rendu<\/em><\/p>\n\n\n\n<p class=\"has-text-color has-medium-font-size\" style=\"color:#f4a527\"><strong>Appel du 2 octobre<\/strong><\/p>\n\n\n\n<figure class=\"wp-block-image size-medium\"><a href=\"https:\/\/ren.valroya.org\/wp-content\/uploads\/AvecVous.jpg\"><img loading=\"lazy\" decoding=\"async\" width=\"300\" height=\"225\" src=\"https:\/\/ren.valroya.org\/wp-content\/uploads\/AvecVous-300x225.jpg\" alt=\"\" class=\"wp-image-1020\" srcset=\"https:\/\/ren.valroya.org\/wp-content\/uploads\/AvecVous-300x225.jpg 300w, https:\/\/ren.valroya.org\/wp-content\/uploads\/AvecVous-768x576.jpg 768w, https:\/\/ren.valroya.org\/wp-content\/uploads\/AvecVous-1024x768.jpg 1024w, https:\/\/ren.valroya.org\/wp-content\/uploads\/AvecVous-400x300.jpg 400w, https:\/\/ren.valroya.org\/wp-content\/uploads\/AvecVous.jpg 1063w\" sizes=\"auto, (max-width: 300px) 100vw, 300px\" \/><\/a><figcaption><strong>Pour nous, mais avec ou sans nous ? Appel du 2 octobre 2021<\/strong><\/figcaption><\/figure>\n\n\n\n<p>REN est contributeur de l&rsquo;Appel lanc\u00e9 par un collectif d&rsquo;associations \u00e0 l&rsquo;occasion de la journ\u00e9e de comm\u00e9moration de la temp\u00eate. L&rsquo;appel est sur notre site :\u00a0<a rel=\"noreferrer noopener\" href=\"https:\/\/ren.valroya.org\/?p=1019\" target=\"_blank\">ICI<\/a><\/p>\n\n\n\n<p class=\"has-text-color has-medium-font-size\" style=\"color:#f4a527\"><strong>Presse<\/strong><\/p>\n\n\n\n<p>Nice-Matin a publi\u00e9 la quasi-totalit\u00e9 de l&rsquo;entretien d&rsquo;une&nbsp;administratrice de REN avec la journaliste Alice Rousselot.<\/p>\n\n\n\n<p>L&rsquo;article est sur notre site\u00a0<a rel=\"noreferrer noopener\" href=\"https:\/\/ren.valroya.org\/?p=1054\" target=\"_blank\">ICI<\/a><\/p>\n\n\n\n<p class=\"has-text-color has-medium-font-size\" style=\"color:#f4a527\"><strong>March\u00e9 de la Brebis brigasque\u00a0du 17 octobre\u00a0<\/strong><\/p>\n\n\n\n<p class=\"has-black-color has-text-color\">REN vous attend sur son stand au march\u00e9 d&rsquo;automne de La Brigue.<strong>Venez nous retrouver, apr\u00e8s les deux ann\u00e9es d&rsquo;absence,\u00a0discuter,\u00a0\u00e9changer\u00a0&#8230; et renouveler\u00a0votre adh\u00e9sion.<\/strong><\/p>\n\n\n\n<p class=\"has-black-color has-text-color\"><strong>&#8230; et encore\u00a0<\/strong>REN poursuit ses investigations sur : le fonctionnement des stations d&rsquo;\u00e9puration de la vall\u00e9e, l&rsquo;impact de la centrale \u00e0 b\u00e9ton de Breil, la conformit\u00e9 des op\u00e9rations du SMIAGE.\u00a0L&rsquo;association s&rsquo;efforce d&rsquo;intervenir partout o\u00f9 il est possible de faire entendre notre revendication de longue date: investir sur la ligne ferroviaire en priorit\u00e9 et r\u00e9viser le projet de doublement du tunnel routier du col de Tende.\u00a0 <strong>Pour rappel,\u00a0<a rel=\"noreferrer noopener\" href=\"https:\/\/ren.valroya.org\/?p=975\" target=\"_blank\">ce texte envoy\u00e9 au pr\u00e9sident de la r\u00e9publique en mai\u00a02021<\/a>. Vous pouvez le t\u00e9l\u00e9charger sur notre site et le d\u00e9poser (copier\/coller sans image) sur:\u00a0<a rel=\"noreferrer noopener\" href=\"https:\/\/www.elysee.fr\/ecrire-au-president-de-la-republique\/\" target=\"_blank\">https:\/\/www.elysee.fr\/ecrire-au-president-de-la-republique\/<\/a>, ou le diffuser \u00e0 votre convenance. Il est plus que jamais d&rsquo;actualit\u00e9!<\/strong><\/p>\n\n\n\n<figure class=\"wp-block-image size-large\"><a href=\"https:\/\/ren.valroya.org\/wp-content\/uploads\/Navette2-1.jpg\"><img loading=\"lazy\" decoding=\"async\" width=\"1024\" height=\"821\" src=\"https:\/\/ren.valroya.org\/wp-content\/uploads\/Navette2-1-1024x821.jpg\" alt=\"\" class=\"wp-image-1009\" srcset=\"https:\/\/ren.valroya.org\/wp-content\/uploads\/Navette2-1-1024x821.jpg 1024w, https:\/\/ren.valroya.org\/wp-content\/uploads\/Navette2-1-300x240.jpg 300w, https:\/\/ren.valroya.org\/wp-content\/uploads\/Navette2-1-768x615.jpg 768w, https:\/\/ren.valroya.org\/wp-content\/uploads\/Navette2-1-374x300.jpg 374w, https:\/\/ren.valroya.org\/wp-content\/uploads\/Navette2-1.jpg 1198w\" sizes=\"auto, (max-width: 1024px) 100vw, 1024px\" \/><\/a><\/figure>\n\n\n\n<p>A bient\u00f4t \u00e0 La Brigue.<br>Le CA de REN<\/p>\n","protected":false},"excerpt":{"rendered":"<p>Chers adh\u00e9rents et sympathisants,&nbsp; &nbsp; &nbsp;Nous avons lanc\u00e9 de nombreux appels pour que les \u00e9lus et les administrations ne se contentent pas des habituelles \u00ab&nbsp;r\u00e9unions d&rsquo;information&nbsp;\u00bb, mais se d\u00e9cident \u00e0 nous inclure dans les processus de d\u00e9cision.On vient de franchir une \u00e9tape avec l&rsquo;organisation d&rsquo;un atelier. Les capacit\u00e9s de la f\u00e9d\u00e9ration France Nature Environnement PACA, [&hellip;]<\/p>\n","protected":false},"author":3,"featured_media":0,"comment_status":"closed","ping_status":"closed","sticky":false,"template":"","format":"standard","meta":{"_uag_custom_page_level_css":"","footnotes":""},"categories":[1],"tags":[],"class_list":["post-1096","post","type-post","status-publish","format-standard","hentry","category-archives"],"author_data":{"name":"adminren","url":"https:\/\/ren.valroya.org\/?author=3"},"excerpt_data":"Chers adh\u00e9rents et sympathisants,&nbsp; &nbsp; &nbsp;Nous avons lanc\u00e9 de nombreux appels pour que les \u00e9lus...","categories_data":{"1":{"term_id":1,"name":"Archives","slug":"archives","term_group":0,"term_taxonomy_id":1,"taxonomy":"category","description":"","parent":0,"count":21,"filter":"raw","cat_ID":1,"category_count":21,"category_description":"","cat_name":"Archives","category_nicename":"archives","category_parent":0}},"featured_image_src":"","date_formated":"January 2, 2022","uagb_featured_image_src":{"full":false,"thumbnail":false,"medium":false,"medium_large":false,"large":false,"1536x1536":false,"2048x2048":false,"blogus-slider-full":false,"blogus-featured":false,"blogus-medium":false},"uagb_author_info":{"display_name":"adminren","author_link":"https:\/\/ren.valroya.org\/?author=3"},"uagb_comment_info":0,"uagb_excerpt":"Chers adh\u00e9rents et sympathisants,&nbsp; &nbsp; &nbsp;Nous avons lanc\u00e9 de nombreux appels pour que les \u00e9lus et les administrations ne se contentent pas des habituelles \u00ab&nbsp;r\u00e9unions d&rsquo;information&nbsp;\u00bb, mais se d\u00e9cident \u00e0 nous inclure dans les processus de d\u00e9cision.On vient de franchir une \u00e9tape avec l&rsquo;organisation d&rsquo;un atelier. Les capacit\u00e9s de la f\u00e9d\u00e9ration France Nature Environnement PACA,\u2026","_links":{"self":[{"href":"https:\/\/ren.valroya.org\/index.php?rest_route=\/wp\/v2\/posts\/1096","targetHints":{"allow":["GET"]}}],"collection":[{"href":"https:\/\/ren.valroya.org\/index.php?rest_route=\/wp\/v2\/posts"}],"about":[{"href":"https:\/\/ren.valroya.org\/index.php?rest_route=\/wp\/v2\/types\/post"}],"author":[{"embeddable":true,"href":"https:\/\/ren.valroya.org\/index.php?rest_route=\/wp\/v2\/users\/3"}],"replies":[{"embeddable":true,"href":"https:\/\/ren.valroya.org\/index.php?rest_route=%2Fwp%2Fv2%2Fcomments&post=1096"}],"version-history":[{"count":2,"href":"https:\/\/ren.valroya.org\/index.php?rest_route=\/wp\/v2\/posts\/1096\/revisions"}],"predecessor-version":[{"id":1099,"href":"https:\/\/ren.valroya.org\/index.php?rest_route=\/wp\/v2\/posts\/1096\/revisions\/1099"}],"wp:attachment":[{"href":"https:\/\/ren.valroya.org\/index.php?rest_route=%2Fwp%2Fv2%2Fmedia&parent=1096"}],"wp:term":[{"taxonomy":"category","embeddable":true,"href":"https:\/\/ren.valroya.org\/index.php?rest_route=%2Fwp%2Fv2%2Fcategories&post=1096"},{"taxonomy":"post_tag","embeddable":true,"href":"https:\/\/ren.valroya.org\/index.php?rest_route=%2Fwp%2Fv2%2Ftags&post=1096"}],"curies":[{"name":"wp","href":"https:\/\/api.w.org\/{rel}","templated":true}]}}