{"id":2073,"date":"2026-04-28T13:58:01","date_gmt":"2026-04-28T13:58:01","guid":{"rendered":"https:\/\/ren.valroya.org\/?p=2073"},"modified":"2026-04-28T13:58:01","modified_gmt":"2026-04-28T13:58:01","slug":"1-tunnel-et-basta-appel-a-manifestation","status":"publish","type":"post","link":"https:\/\/ren.valroya.org\/?p=2073","title":{"rendered":"1 tunnel et Basta ! Appel \u00e0 manifestation"},"content":{"rendered":"\n<p><strong>POUR LA MODERNISATION DE LA LIGNE DE TRAIN, CONTRE LE DOUBLEMENT DU TUNNEL DE TENDE ! MOBILISONS-NOUS POUR QUE LA VALLEE DE LA ROYA RESTE RESPIRABLE.<\/strong><\/p>\n\n\n\n<p class=\"has-luminous-vivid-amber-color has-text-color has-link-color has-medium-font-size wp-elements-af44d855ac48f81afe0a602fac3738d6\" style=\"margin-top:0;margin-bottom:0\"><strong>Participez \u00e0 2 jours d&rsquo;\u00e9changes, de musique et de convivialit\u00e9&#8230;<\/strong><\/p>\n\n\n\n<p class=\"has-luminous-vivid-amber-color has-text-color has-link-color has-medium-font-size wp-elements-83c6320abc4749a6e71b56bdd296321b\" style=\"margin-top:0;margin-bottom:0\"><strong>pour dire moins de route plus de trains<\/strong><\/p>\n\n\n\n<div class=\"wp-block-uagb-advanced-heading uagb-block-af4d9643\"><h2 class=\"uagb-heading-text\"><strong>Samedi 30 mai<\/strong><\/h2><\/div>\n\n\n\n<ul class=\"wp-block-list\">\n<li>11h &#8211; 16h : Au Grand Jardin \u00e0 la Brigue; Animation d\u2019un stand ludique sur l\u2019impact, de la pollution routi\u00e8re sur la sant\u00e9 de l\u2019enfant dans le cadre de la journ\u00e9e \u00ab Panser et repenser l\u2019enfance \u00bb<\/li>\n\n\n\n<li>18h \u2013 23h : Resto paysan -Breil-sur-Roya<\/li>\n\n\n\n<li>18h &#8211; 19h15 : Mini-conf\u00e9rence\/projection\u00a0<em>\u00abVall\u00e9e de la Roya &#8211;\u00a0 OUI \u00e0 la ligne de vie :\u00a0 le train, NON \u00e0 la ligne de mort : la route \u00bb<\/em><\/li>\n\n\n\n<li>20h &#8211; 23h : Concert<\/li>\n<\/ul>\n\n\n\n<p><\/p>\n\n\n\n<div class=\"wp-block-uagb-advanced-heading uagb-block-eae12de5\"><h2 class=\"uagb-heading-text\"><strong>Dimanche 31 mai<\/strong> : <strong>V\u00e9lorution\u00a0<\/strong><\/h2><\/div>\n\n\n\n<ul class=\"wp-block-list\">\n<li>&#8211; 10h30 : D\u00e9part de la gare Vievola\u00a0<\/li>\n\n\n\n<li>&#8211; 13h : Arriv\u00e9e \u00e0 la gare de Saint-Dalmas-de-Tende -Pique-nique et prises de parole<\/li>\n<\/ul>\n\n\n\n<p><\/p>\n\n\n\n<div class=\"wp-block-uagb-advanced-heading uagb-block-12ca7f36\"><h2 class=\"uagb-heading-text\">L&rsquo;\u00e9v\u00e8nement sur greenvoice:<\/h2><\/div>\n\n\n\n<p><a href=\"https:\/\/agir.greenvoice.fr\/events\/ensemble-sauvons-la-vallee-de-la-roya\">https:\/\/agir.greenvoice.fr\/events\/ensemble-sauvons-la-vallee-de-la-roya<\/a><\/p>\n\n\n\n<p><\/p>\n\n\n\n<div class=\"wp-block-uagb-advanced-heading uagb-block-b84fcce3\"><h2 class=\"uagb-heading-text\">Le collectif a aussi mis en ligne une petition, lien ci-dessous<\/h2><\/div>\n\n\n\n<p><a href=\"https:\/\/www.change.org\/NonaudoublementdutunneldeTende\">https:\/\/www.change.org\/NonaudoublementdutunneldeTende<\/a><\/p>\n","protected":false},"excerpt":{"rendered":"<p>POUR LA MODERNISATION DE LA LIGNE DE TRAIN, CONTRE LE DOUBLEMENT DU TUNNEL DE TENDE ! MOBILISONS-NOUS POUR QUE LA VALLEE DE LA ROYA RESTE RESPIRABLE. Participez \u00e0 2 jours d&rsquo;\u00e9changes, de musique et de convivialit\u00e9&#8230; pour dire moins de route plus de trains Samedi 30 mai Dimanche 31 mai : V\u00e9lorution\u00a0 L&rsquo;\u00e9v\u00e8nement sur greenvoice: [&hellip;]<\/p>\n","protected":false},"author":3,"featured_media":2072,"comment_status":"closed","ping_status":"closed","sticky":false,"template":"","format":"standard","meta":{"_uag_custom_page_level_css":"","footnotes":""},"categories":[18,2],"tags":[],"class_list":["post-2073","post","type-post","status-publish","format-standard","has-post-thumbnail","hentry","category-actualite-tunnel","category-evenements"],"author_data":{"name":"adminren","url":"https:\/\/ren.valroya.org\/?author=3"},"excerpt_data":"POUR LA MODERNISATION DE LA LIGNE DE TRAIN, CONTRE LE DOUBLEMENT DU TUNNEL DE TENDE...","categories_data":{"18":{"term_id":18,"name":"Actualit\u00e9 Tunnel","slug":"actualite-tunnel","term_group":0,"term_taxonomy_id":18,"taxonomy":"category","description":"","parent":0,"count":12,"filter":"raw","cat_ID":18,"category_count":12,"category_description":"","cat_name":"Actualit\u00e9 Tunnel","category_nicename":"actualite-tunnel","category_parent":0},"2":{"term_id":2,"name":"Ev\u00e9nements","slug":"evenements","term_group":0,"term_taxonomy_id":2,"taxonomy":"category","description":"","parent":0,"count":40,"filter":"raw","cat_ID":2,"category_count":40,"category_description":"","cat_name":"Ev\u00e9nements","category_nicename":"evenements","category_parent":0}},"featured_image_src":"https:\/\/ren.valroya.org\/wp-content\/uploads\/1-tunnel-et-basta-logo-01_smal.jpg","date_formated":"April 28, 2026","uagb_featured_image_src":{"full":["https:\/\/ren.valroya.org\/wp-content\/uploads\/1-tunnel-et-basta-logo-01_smal.jpg",365,365,false],"thumbnail":["https:\/\/ren.valroya.org\/wp-content\/uploads\/1-tunnel-et-basta-logo-01_smal-150x150.jpg",150,150,true],"medium":["https:\/\/ren.valroya.org\/wp-content\/uploads\/1-tunnel-et-basta-logo-01_smal-300x300.jpg",300,300,true],"medium_large":["https:\/\/ren.valroya.org\/wp-content\/uploads\/1-tunnel-et-basta-logo-01_smal.jpg",365,365,false],"large":["https:\/\/ren.valroya.org\/wp-content\/uploads\/1-tunnel-et-basta-logo-01_smal.jpg",365,365,false],"1536x1536":["https:\/\/ren.valroya.org\/wp-content\/uploads\/1-tunnel-et-basta-logo-01_smal.jpg",365,365,false],"2048x2048":["https:\/\/ren.valroya.org\/wp-content\/uploads\/1-tunnel-et-basta-logo-01_smal.jpg",365,365,false],"blogus-slider-full":["https:\/\/ren.valroya.org\/wp-content\/uploads\/1-tunnel-et-basta-logo-01_smal.jpg",365,365,false],"blogus-featured":["https:\/\/ren.valroya.org\/wp-content\/uploads\/1-tunnel-et-basta-logo-01_smal.jpg",365,365,false],"blogus-medium":["https:\/\/ren.valroya.org\/wp-content\/uploads\/1-tunnel-et-basta-logo-01_smal.jpg",365,365,false]},"uagb_author_info":{"display_name":"adminren","author_link":"https:\/\/ren.valroya.org\/?author=3"},"uagb_comment_info":0,"uagb_excerpt":"POUR LA MODERNISATION DE LA LIGNE DE TRAIN, CONTRE LE DOUBLEMENT DU TUNNEL DE TENDE ! MOBILISONS-NOUS POUR QUE LA VALLEE DE LA ROYA RESTE RESPIRABLE. Participez \u00e0 2 jours d&rsquo;\u00e9changes, de musique et de convivialit\u00e9&#8230; pour dire moins de route plus de trains Samedi 30 mai Dimanche 31 mai : V\u00e9lorution\u00a0 L&rsquo;\u00e9v\u00e8nement sur greenvoice:\u2026","_links":{"self":[{"href":"https:\/\/ren.valroya.org\/index.php?rest_route=\/wp\/v2\/posts\/2073","targetHints":{"allow":["GET"]}}],"collection":[{"href":"https:\/\/ren.valroya.org\/index.php?rest_route=\/wp\/v2\/posts"}],"about":[{"href":"https:\/\/ren.valroya.org\/index.php?rest_route=\/wp\/v2\/types\/post"}],"author":[{"embeddable":true,"href":"https:\/\/ren.valroya.org\/index.php?rest_route=\/wp\/v2\/users\/3"}],"replies":[{"embeddable":true,"href":"https:\/\/ren.valroya.org\/index.php?rest_route=%2Fwp%2Fv2%2Fcomments&post=2073"}],"version-history":[{"count":2,"href":"https:\/\/ren.valroya.org\/index.php?rest_route=\/wp\/v2\/posts\/2073\/revisions"}],"predecessor-version":[{"id":2075,"href":"https:\/\/ren.valroya.org\/index.php?rest_route=\/wp\/v2\/posts\/2073\/revisions\/2075"}],"wp:featuredmedia":[{"embeddable":true,"href":"https:\/\/ren.valroya.org\/index.php?rest_route=\/wp\/v2\/media\/2072"}],"wp:attachment":[{"href":"https:\/\/ren.valroya.org\/index.php?rest_route=%2Fwp%2Fv2%2Fmedia&parent=2073"}],"wp:term":[{"taxonomy":"category","embeddable":true,"href":"https:\/\/ren.valroya.org\/index.php?rest_route=%2Fwp%2Fv2%2Fcategories&post=2073"},{"taxonomy":"post_tag","embeddable":true,"href":"https:\/\/ren.valroya.org\/index.php?rest_route=%2Fwp%2Fv2%2Ftags&post=2073"}],"curies":[{"name":"wp","href":"https:\/\/api.w.org\/{rel}","templated":true}]}}