{"id":901,"date":"2021-03-28T19:54:53","date_gmt":"2021-03-28T19:54:53","guid":{"rendered":"https:\/\/ren.roya.org\/?p=901"},"modified":"2022-04-18T16:26:16","modified_gmt":"2022-04-18T16:26:16","slug":"extraits-de-documents-rtm","status":"publish","type":"post","link":"https:\/\/ren.valroya.org\/?p=901","title":{"rendered":"Extraits de documents RTM"},"content":{"rendered":"\n<p>La pr\u00e9fecture des Alpes maritimes a publi\u00e9 sur son compte Twitter deux articles, contenant trois pages visiblement extraites de documents \u00e9dit\u00e9s par <strong>le service \u00ab\u00a0Restauration des Terrains en Montagne\u00a0\u00bb de l&rsquo;ONF<\/strong>.  Ni les mairies contact\u00e9es, ni la pr\u00e9fecture n&rsquo;ont accept\u00e9 de nous communiquer les documents correspondants. Nous reproduisons un agrandissement comment\u00e9 de ces pages en esp\u00e9rant que les \u00e9tudes hydrologiques et g\u00e9omorphologiques sur la crue men\u00e9es par la pr\u00e9fecture soient rapidement rendues publiques.<\/p>\n\n\n\n<p>R\u00e9f\u00e9rence des liens sur Twitter: <a href=\"https:\/\/twitter.com\/prefet06\/status\/1361593816789229568\">https:\/\/twitter.com\/prefet06\/status\/1361593816789229568<\/a> <a href=\"https:\/\/twitter.com\/prefet06\/status\/1361594381967450112\">https:\/\/twitter.com\/prefet06\/status\/1361594381967450112<\/a><\/p>\n\n\n\n<p>Une page pr\u00e9sente le nouveau profil de la Roya dans la travers\u00e9e de Tende. On peut constater qu&rsquo;il est enti\u00e8rement liss\u00e9 par l&rsquo;apport d&rsquo;alluvions qui a remont\u00e9 le niveau du lit. Entre le pont de la voie ferr\u00e9 et le confluent du Refrei le lit est mont\u00e9 d&rsquo;au moins 5 m\u00e8tres (points 6 et 7).<\/p>\n\n\n\n<figure class=\"wp-block-image\"><img loading=\"lazy\" decoding=\"async\" width=\"1024\" height=\"765\" src=\"https:\/\/ren.valroya.org\/wp-content\/uploads\/RETEX3-1-1024x765.jpg\" alt=\"\" class=\"wp-image-905\" srcset=\"https:\/\/ren.valroya.org\/wp-content\/uploads\/RETEX3-1-1024x765.jpg 1024w, https:\/\/ren.valroya.org\/wp-content\/uploads\/RETEX3-1-300x224.jpg 300w, https:\/\/ren.valroya.org\/wp-content\/uploads\/RETEX3-1-768x574.jpg 768w, https:\/\/ren.valroya.org\/wp-content\/uploads\/RETEX3-1-402x300.jpg 402w, https:\/\/ren.valroya.org\/wp-content\/uploads\/RETEX3-1.jpg 1044w\" sizes=\"auto, (max-width: 1024px) 100vw, 1024px\" \/><figcaption>Profil de la Roya dans la travers\u00e9e de Tende<\/figcaption><\/figure>\n\n\n\n<p>Les deux autres pages sont des vues a\u00e9rienne, prises apr\u00e8s le 2 octobre 2020, o\u00f9 figure en bleu la largeur du lit au moment de la crue, ainsi que des commentaires sur les enjeux.<\/p>\n\n\n\n<figure class=\"wp-block-image\"><img loading=\"lazy\" decoding=\"async\" width=\"1024\" height=\"605\" src=\"https:\/\/ren.valroya.org\/wp-content\/uploads\/RETEX1-1024x605.jpg\" alt=\"\" class=\"wp-image-902\" srcset=\"https:\/\/ren.valroya.org\/wp-content\/uploads\/RETEX1-1024x605.jpg 1024w, https:\/\/ren.valroya.org\/wp-content\/uploads\/RETEX1-300x177.jpg 300w, https:\/\/ren.valroya.org\/wp-content\/uploads\/RETEX1-768x454.jpg 768w, https:\/\/ren.valroya.org\/wp-content\/uploads\/RETEX1-500x295.jpg 500w, https:\/\/ren.valroya.org\/wp-content\/uploads\/RETEX1.jpg 1056w\" sizes=\"auto, (max-width: 1024px) 100vw, 1024px\" \/><figcaption>La Roya en amont du CHU. A gauche, vue a\u00e9rienne &#8211; A droite, \u00e9l\u00e9ments de relief  montrant la contraction naturelle au niveau du \u00ab\u00a0pont Romain\u00a0\u00bb-<\/figcaption><\/figure>\n\n\n\n<figure class=\"wp-block-image\"><img loading=\"lazy\" decoding=\"async\" width=\"1024\" height=\"750\" src=\"https:\/\/ren.valroya.org\/wp-content\/uploads\/RETEX2-1024x750.jpg\" alt=\"\" class=\"wp-image-903\" srcset=\"https:\/\/ren.valroya.org\/wp-content\/uploads\/RETEX2-1024x750.jpg 1024w, https:\/\/ren.valroya.org\/wp-content\/uploads\/RETEX2-300x220.jpg 300w, https:\/\/ren.valroya.org\/wp-content\/uploads\/RETEX2-768x563.jpg 768w, https:\/\/ren.valroya.org\/wp-content\/uploads\/RETEX2-409x300.jpg 409w, https:\/\/ren.valroya.org\/wp-content\/uploads\/RETEX2.jpg 1048w\" sizes=\"auto, (max-width: 1024px) 100vw, 1024px\" \/><figcaption>La Roya en aval du Riou &#8211; A gauche, vue a\u00e9rienne &#8211; A droite, photographie prise apr\u00e8s le creusement du chenal  &#8211;<\/figcaption><\/figure>\n","protected":false},"excerpt":{"rendered":"<p>La pr\u00e9fecture des Alpes maritimes a publi\u00e9 sur son compte Twitter deux articles, contenant trois pages visiblement extraites de documents \u00e9dit\u00e9s par le service \u00ab\u00a0Restauration des Terrains en Montagne\u00a0\u00bb de l&rsquo;ONF. Ni les mairies contact\u00e9es, ni la pr\u00e9fecture n&rsquo;ont accept\u00e9 de nous communiquer les documents correspondants. Nous reproduisons un agrandissement comment\u00e9 de ces pages en [&hellip;]<\/p>\n","protected":false},"author":3,"featured_media":0,"comment_status":"closed","ping_status":"closed","sticky":false,"template":"","format":"standard","meta":{"_uag_custom_page_level_css":"","footnotes":""},"categories":[1],"tags":[],"class_list":["post-901","post","type-post","status-publish","format-standard","hentry","category-archives"],"author_data":{"name":"adminren","url":"https:\/\/ren.valroya.org\/?author=3"},"excerpt_data":"La pr\u00e9fecture des Alpes maritimes a publi\u00e9 sur son compte Twitter deux articles, contenant trois...","categories_data":{"1":{"term_id":1,"name":"Archives","slug":"archives","term_group":0,"term_taxonomy_id":1,"taxonomy":"category","description":"","parent":0,"count":21,"filter":"raw","cat_ID":1,"category_count":21,"category_description":"","cat_name":"Archives","category_nicename":"archives","category_parent":0}},"featured_image_src":"","date_formated":"March 28, 2021","uagb_featured_image_src":{"full":false,"thumbnail":false,"medium":false,"medium_large":false,"large":false,"1536x1536":false,"2048x2048":false,"blogus-slider-full":false,"blogus-featured":false,"blogus-medium":false},"uagb_author_info":{"display_name":"adminren","author_link":"https:\/\/ren.valroya.org\/?author=3"},"uagb_comment_info":0,"uagb_excerpt":"La pr\u00e9fecture des Alpes maritimes a publi\u00e9 sur son compte Twitter deux articles, contenant trois pages visiblement extraites de documents \u00e9dit\u00e9s par le service \u00ab\u00a0Restauration des Terrains en Montagne\u00a0\u00bb de l&rsquo;ONF. Ni les mairies contact\u00e9es, ni la pr\u00e9fecture n&rsquo;ont accept\u00e9 de nous communiquer les documents correspondants. Nous reproduisons un agrandissement comment\u00e9 de ces pages en\u2026","_links":{"self":[{"href":"https:\/\/ren.valroya.org\/index.php?rest_route=\/wp\/v2\/posts\/901","targetHints":{"allow":["GET"]}}],"collection":[{"href":"https:\/\/ren.valroya.org\/index.php?rest_route=\/wp\/v2\/posts"}],"about":[{"href":"https:\/\/ren.valroya.org\/index.php?rest_route=\/wp\/v2\/types\/post"}],"author":[{"embeddable":true,"href":"https:\/\/ren.valroya.org\/index.php?rest_route=\/wp\/v2\/users\/3"}],"replies":[{"embeddable":true,"href":"https:\/\/ren.valroya.org\/index.php?rest_route=%2Fwp%2Fv2%2Fcomments&post=901"}],"version-history":[{"count":3,"href":"https:\/\/ren.valroya.org\/index.php?rest_route=\/wp\/v2\/posts\/901\/revisions"}],"predecessor-version":[{"id":909,"href":"https:\/\/ren.valroya.org\/index.php?rest_route=\/wp\/v2\/posts\/901\/revisions\/909"}],"wp:attachment":[{"href":"https:\/\/ren.valroya.org\/index.php?rest_route=%2Fwp%2Fv2%2Fmedia&parent=901"}],"wp:term":[{"taxonomy":"category","embeddable":true,"href":"https:\/\/ren.valroya.org\/index.php?rest_route=%2Fwp%2Fv2%2Fcategories&post=901"},{"taxonomy":"post_tag","embeddable":true,"href":"https:\/\/ren.valroya.org\/index.php?rest_route=%2Fwp%2Fv2%2Ftags&post=901"}],"curies":[{"name":"wp","href":"https:\/\/api.w.org\/{rel}","templated":true}]}}