{"id":948,"date":"2021-04-14T14:35:38","date_gmt":"2021-04-14T14:35:38","guid":{"rendered":"https:\/\/ren.roya.org\/?p=948"},"modified":"2021-04-14T21:28:35","modified_gmt":"2021-04-14T21:28:35","slug":"units-oui-mais-pas-pour-un-grand-projet-inutile","status":"publish","type":"post","link":"https:\/\/ren.valroya.org\/?p=948","title":{"rendered":"Unis, oui, mais pas pour un Grand Projet Inutile"},"content":{"rendered":"\n<p>L&rsquo;association REN a pris connaissance avec consternation des propositions d&rsquo;une \u00ab\u00a0association de promotion sociale\u00a0\u00bb transfrontali\u00e8re, qui tend \u00e0 r\u00e9tablir purement et simplement la situation ant\u00e9rieure en ce qui concerne le tunnel, propositions vagues, abstraites et assorties de l&rsquo;affichage d&rsquo;une pr\u00e9tendue pr\u00e9occupation \u00ab\u00a0\u00e9co-durable\u00a0\u00bb.<\/p>\n\n\n\n<p><strong>En r\u00e9ponse \u00e0 ces propositions, nous rappelons que notre d\u00e9marche depuis des ann\u00e9es est \u00ab\u00a0Unis pour la ligne ferroviaire Cuneo-Ventimiglia-Nice\u00a0\u00bb, et que nous demandons <\/strong>:<br>&#8211; <strong>la r\u00e9vision compl\u00e8te du projet de doublement du tunnel routier<\/strong> <strong>pour permettre une liaison locale, sans les poids lourds de plus de 19 t, ni les 8000 v\u00e9hicules\/jour sur la route inadapt\u00e9e<\/strong>,<br>&#8211; <strong>le financement de la ligne ferroviaire pour la rendre \u00e0 nouveau fonctionnelle et utilisable pour les navettes de v\u00e9hicules<\/strong>,<br>&#8211;<strong> l&rsquo;abandon de la convention de 1970, qui fait injustement peser la charge de l&rsquo;infrastructure sur l&rsquo;Italie.<\/strong><\/p>\n\n\n\n<figure class=\"wp-block-image\"><img loading=\"lazy\" decoding=\"async\" width=\"225\" height=\"300\" src=\"https:\/\/ren.valroya.org\/wp-content\/uploads\/AfficheUniti_s-225x300.jpg\" alt=\"\" class=\"wp-image-949\" srcset=\"https:\/\/ren.valroya.org\/wp-content\/uploads\/AfficheUniti_s-225x300.jpg 225w, https:\/\/ren.valroya.org\/wp-content\/uploads\/AfficheUniti_s-768x1024.jpg 768w, https:\/\/ren.valroya.org\/wp-content\/uploads\/AfficheUniti_s.jpg 1000w\" sizes=\"auto, (max-width: 225px) 100vw, 225px\" \/><figcaption>Photo de l&rsquo;affiche dans une rue de Saorge<\/figcaption><\/figure>\n","protected":false},"excerpt":{"rendered":"<p>L&rsquo;association REN a pris connaissance avec consternation des propositions d&rsquo;une \u00ab\u00a0association de promotion sociale\u00a0\u00bb transfrontali\u00e8re, qui tend \u00e0 r\u00e9tablir purement et simplement la situation ant\u00e9rieure en ce qui concerne le tunnel, propositions vagues, abstraites et assorties de l&rsquo;affichage d&rsquo;une pr\u00e9tendue pr\u00e9occupation \u00ab\u00a0\u00e9co-durable\u00a0\u00bb. En r\u00e9ponse \u00e0 ces propositions, nous rappelons que notre d\u00e9marche depuis des ann\u00e9es [&hellip;]<\/p>\n","protected":false},"author":3,"featured_media":0,"comment_status":"closed","ping_status":"closed","sticky":false,"template":"","format":"standard","meta":{"_uag_custom_page_level_css":"","footnotes":""},"categories":[1],"tags":[],"class_list":["post-948","post","type-post","status-publish","format-standard","hentry","category-archives"],"author_data":{"name":"adminren","url":"https:\/\/ren.valroya.org\/?author=3"},"excerpt_data":"L'association REN a pris connaissance avec consternation des propositions d'une \"association de promotion sociale\" transfrontali\u00e8re,...","categories_data":{"1":{"term_id":1,"name":"Archives","slug":"archives","term_group":0,"term_taxonomy_id":1,"taxonomy":"category","description":"","parent":0,"count":21,"filter":"raw","cat_ID":1,"category_count":21,"category_description":"","cat_name":"Archives","category_nicename":"archives","category_parent":0}},"featured_image_src":"","date_formated":"April 14, 2021","uagb_featured_image_src":{"full":false,"thumbnail":false,"medium":false,"medium_large":false,"large":false,"1536x1536":false,"2048x2048":false,"blogus-slider-full":false,"blogus-featured":false,"blogus-medium":false},"uagb_author_info":{"display_name":"adminren","author_link":"https:\/\/ren.valroya.org\/?author=3"},"uagb_comment_info":0,"uagb_excerpt":"L&rsquo;association REN a pris connaissance avec consternation des propositions d&rsquo;une \u00ab\u00a0association de promotion sociale\u00a0\u00bb transfrontali\u00e8re, qui tend \u00e0 r\u00e9tablir purement et simplement la situation ant\u00e9rieure en ce qui concerne le tunnel, propositions vagues, abstraites et assorties de l&rsquo;affichage d&rsquo;une pr\u00e9tendue pr\u00e9occupation \u00ab\u00a0\u00e9co-durable\u00a0\u00bb. En r\u00e9ponse \u00e0 ces propositions, nous rappelons que notre d\u00e9marche depuis des ann\u00e9es\u2026","_links":{"self":[{"href":"https:\/\/ren.valroya.org\/index.php?rest_route=\/wp\/v2\/posts\/948","targetHints":{"allow":["GET"]}}],"collection":[{"href":"https:\/\/ren.valroya.org\/index.php?rest_route=\/wp\/v2\/posts"}],"about":[{"href":"https:\/\/ren.valroya.org\/index.php?rest_route=\/wp\/v2\/types\/post"}],"author":[{"embeddable":true,"href":"https:\/\/ren.valroya.org\/index.php?rest_route=\/wp\/v2\/users\/3"}],"replies":[{"embeddable":true,"href":"https:\/\/ren.valroya.org\/index.php?rest_route=%2Fwp%2Fv2%2Fcomments&post=948"}],"version-history":[{"count":11,"href":"https:\/\/ren.valroya.org\/index.php?rest_route=\/wp\/v2\/posts\/948\/revisions"}],"predecessor-version":[{"id":962,"href":"https:\/\/ren.valroya.org\/index.php?rest_route=\/wp\/v2\/posts\/948\/revisions\/962"}],"wp:attachment":[{"href":"https:\/\/ren.valroya.org\/index.php?rest_route=%2Fwp%2Fv2%2Fmedia&parent=948"}],"wp:term":[{"taxonomy":"category","embeddable":true,"href":"https:\/\/ren.valroya.org\/index.php?rest_route=%2Fwp%2Fv2%2Fcategories&post=948"},{"taxonomy":"post_tag","embeddable":true,"href":"https:\/\/ren.valroya.org\/index.php?rest_route=%2Fwp%2Fv2%2Ftags&post=948"}],"curies":[{"name":"wp","href":"https:\/\/api.w.org\/{rel}","templated":true}]}}