{"id":975,"date":"2021-05-18T19:51:28","date_gmt":"2021-05-18T19:51:28","guid":{"rendered":"https:\/\/ren.roya.org\/?p=975"},"modified":"2023-07-22T15:31:24","modified_gmt":"2023-07-22T15:31:24","slug":"il-ny-a-pas-que-la-route-pour-passer-le-col-de-tende","status":"publish","type":"post","link":"https:\/\/ren.valroya.org\/?p=975","title":{"rendered":"Il n&rsquo;y a pas que la route pour passer le col de Tende"},"content":{"rendered":"\n<p><strong>Pour la\nmise en place d&rsquo;une navette ferroviaire<\/strong><\/p>\n\n\n\n<p class=\"has-vivid-cyan-blue-color has-text-color\">M.\nle Pr\u00e9sident de la R\u00e9publique fran\u00e7aise,  M le Pr\u00e9sident du\nConseil italien,<\/p>\n\n\n\n<p>Des discussions de la\nCommission Intergouvernementale pour les Alpes du Sud nous avons\nretenu que le parcours ferroviaire Breil-sur-Roya\/Vintimille ne sera\nremis en \u00e9tat que fin 2021et que, m\u00eame si l&rsquo;accord semble se faire\nautour de la reconstruction d&rsquo;un viaduc \u00e0 l&rsquo;entr\u00e9e du tunnel\nroutier du col de Tende, les difficult\u00e9s techniques li\u00e9es aux\nmouvements de terrain et les co\u00fbts annonc\u00e9s renvoient \u00e0 2024. Ceci\nnous incite \u00e0 proposer  une solution beaucoup plus rapide et moins\ncouteuse.<\/p>\n\n\n\n<figure class=\"wp-block-image\"><img loading=\"lazy\" decoding=\"async\" width=\"1024\" height=\"821\" src=\"https:\/\/ren.valroya.org\/wp-content\/uploads\/Navette2-1024x821.jpg\" alt=\"\" class=\"wp-image-976\" srcset=\"https:\/\/ren.valroya.org\/wp-content\/uploads\/Navette2-1024x821.jpg 1024w, https:\/\/ren.valroya.org\/wp-content\/uploads\/Navette2-300x240.jpg 300w, https:\/\/ren.valroya.org\/wp-content\/uploads\/Navette2-768x615.jpg 768w, https:\/\/ren.valroya.org\/wp-content\/uploads\/Navette2-374x300.jpg 374w, https:\/\/ren.valroya.org\/wp-content\/uploads\/Navette2.jpg 1198w\" sizes=\"auto, (max-width: 1024px) 100vw, 1024px\" \/><\/figure>\n\n\n\n<p>En 1987 et en 1992, parce\nque  la route du col de Tende \u00e9tait impraticable, les services\nferroviaires de l&rsquo;\u00e9poque ont d\u00e9ploy\u00e9 les moyens techniques\npermettant de faire circuler des navettes ferroviaires pour le\ntransport des v\u00e9hicules l\u00e9gers entre Tende et Limone. La voie et\nles quais de chargements sont toujours l\u00e0, ne manque que la volont\u00e9\nde faire. \n<\/p>\n\n\n\n<p>Les quatre trains de\nvoyageurs propos\u00e9s chaque jour par Trenitalia, pourraient \u00eatre\ncompl\u00e9t\u00e9s par des allers-retours de navettes \u00ab&nbsp;auto-train&nbsp;\u00bb.\nEn plus de rendre un service consid\u00e9rable aux entreprises locales,\nelles ajouteraient un atout majeur au potentiel de la ligne.<\/p>\n\n\n\n<p><strong>S&rsquo;il vous plait, donnez les consignes n\u00e9cessaires \u00e0 vos repr\u00e9sentants \u00e0 la CIG et \u00e0 vos ministres des transports pour qu&rsquo;ils s&rsquo;accordent sur la remise en \u00e9tat de cette ligne internationale.<\/strong><\/p>\n\n\n\n<p class=\"has-vivid-cyan-blue-color has-text-color has-medium-font-size\"><strong>Plus que jamais,<\/strong> <strong>le train est la solution de la reconstruction de la Roya.<\/strong><\/p>\n\n\n\n<p>REN Roya Expansion Nature &#8211;<br> GEE Grands Express Europ\u00e9ens &#8211; https:\/\/www.europatrains.eu\/  <\/p>\n\n\n\n<div data-wp-interactive=\"core\/file\" class=\"wp-block-file\"><object data-wp-bind--hidden=\"!state.hasPdfPreview\" hidden class=\"wp-block-file__embed\" data=\"https:\/\/ren.valroya.org\/wp-content\/uploads\/Navette_lettrepresidents.pdf\" type=\"application\/pdf\" style=\"width:100%;height:600px\" aria-label=\"Contenu embarqu\u00e9 Contenu embarqu\u00e9 Navette_lettrepresidents..\"><\/object><a href=\"https:\/\/ren.valroya.org\/wp-content\/uploads\/Navette_lettrepresidents.pdf\">Navette_lettrepresidents<\/a><a href=\"https:\/\/ren.valroya.org\/wp-content\/uploads\/Navette_lettrepresidents.pdf\" class=\"wp-block-file__button\" download>T\u00e9l\u00e9charger<\/a><\/div>\n\n\n\n<p>  <\/p>\n","protected":false},"excerpt":{"rendered":"<p>Pour la mise en place d&rsquo;une navette ferroviaire M. le Pr\u00e9sident de la R\u00e9publique fran\u00e7aise, M le Pr\u00e9sident du Conseil italien, Des discussions de la Commission Intergouvernementale pour les Alpes du Sud nous avons retenu que le parcours ferroviaire Breil-sur-Roya\/Vintimille ne sera remis en \u00e9tat que fin 2021et que, m\u00eame si l&rsquo;accord semble se faire [&hellip;]<\/p>\n","protected":false},"author":3,"featured_media":976,"comment_status":"closed","ping_status":"closed","sticky":false,"template":"","format":"standard","meta":{"_uag_custom_page_level_css":"","footnotes":""},"categories":[6],"tags":[],"class_list":["post-975","post","type-post","status-publish","format-standard","has-post-thumbnail","hentry","category-la-nice-cuneo-vintimille"],"author_data":{"name":"adminren","url":"https:\/\/ren.valroya.org\/?author=3"},"excerpt_data":"Pour la mise en place d'une navette ferroviaire M. le Pr\u00e9sident de la R\u00e9publique fran\u00e7aise,...","categories_data":{"6":{"term_id":6,"name":"La Nice-Cuneo-Vintimille","slug":"la-nice-cuneo-vintimille","term_group":0,"term_taxonomy_id":6,"taxonomy":"category","description":"","parent":0,"count":17,"filter":"raw","cat_ID":6,"category_count":17,"category_description":"","cat_name":"La Nice-Cuneo-Vintimille","category_nicename":"la-nice-cuneo-vintimille","category_parent":0}},"featured_image_src":"https:\/\/ren.valroya.org\/wp-content\/uploads\/Navette2.jpg","date_formated":"May 18, 2021","uagb_featured_image_src":{"full":["https:\/\/ren.valroya.org\/wp-content\/uploads\/Navette2.jpg",1198,960,false],"thumbnail":["https:\/\/ren.valroya.org\/wp-content\/uploads\/Navette2-150x150.jpg",150,150,true],"medium":["https:\/\/ren.valroya.org\/wp-content\/uploads\/Navette2-300x240.jpg",300,240,true],"medium_large":["https:\/\/ren.valroya.org\/wp-content\/uploads\/Navette2-768x615.jpg",640,513,true],"large":["https:\/\/ren.valroya.org\/wp-content\/uploads\/Navette2-1024x821.jpg",640,513,true],"1536x1536":["https:\/\/ren.valroya.org\/wp-content\/uploads\/Navette2.jpg",1198,960,false],"2048x2048":["https:\/\/ren.valroya.org\/wp-content\/uploads\/Navette2.jpg",1198,960,false],"blogus-slider-full":["https:\/\/ren.valroya.org\/wp-content\/uploads\/Navette2.jpg",899,720,false],"blogus-featured":["https:\/\/ren.valroya.org\/wp-content\/uploads\/Navette2.jpg",1024,821,false],"blogus-medium":["https:\/\/ren.valroya.org\/wp-content\/uploads\/Navette2.jpg",474,380,false]},"uagb_author_info":{"display_name":"adminren","author_link":"https:\/\/ren.valroya.org\/?author=3"},"uagb_comment_info":0,"uagb_excerpt":"Pour la mise en place d&rsquo;une navette ferroviaire M. le Pr\u00e9sident de la R\u00e9publique fran\u00e7aise, M le Pr\u00e9sident du Conseil italien, Des discussions de la Commission Intergouvernementale pour les Alpes du Sud nous avons retenu que le parcours ferroviaire Breil-sur-Roya\/Vintimille ne sera remis en \u00e9tat que fin 2021et que, m\u00eame si l&rsquo;accord semble se faire\u2026","_links":{"self":[{"href":"https:\/\/ren.valroya.org\/index.php?rest_route=\/wp\/v2\/posts\/975","targetHints":{"allow":["GET"]}}],"collection":[{"href":"https:\/\/ren.valroya.org\/index.php?rest_route=\/wp\/v2\/posts"}],"about":[{"href":"https:\/\/ren.valroya.org\/index.php?rest_route=\/wp\/v2\/types\/post"}],"author":[{"embeddable":true,"href":"https:\/\/ren.valroya.org\/index.php?rest_route=\/wp\/v2\/users\/3"}],"replies":[{"embeddable":true,"href":"https:\/\/ren.valroya.org\/index.php?rest_route=%2Fwp%2Fv2%2Fcomments&post=975"}],"version-history":[{"count":3,"href":"https:\/\/ren.valroya.org\/index.php?rest_route=\/wp\/v2\/posts\/975\/revisions"}],"predecessor-version":[{"id":1400,"href":"https:\/\/ren.valroya.org\/index.php?rest_route=\/wp\/v2\/posts\/975\/revisions\/1400"}],"wp:featuredmedia":[{"embeddable":true,"href":"https:\/\/ren.valroya.org\/index.php?rest_route=\/wp\/v2\/media\/976"}],"wp:attachment":[{"href":"https:\/\/ren.valroya.org\/index.php?rest_route=%2Fwp%2Fv2%2Fmedia&parent=975"}],"wp:term":[{"taxonomy":"category","embeddable":true,"href":"https:\/\/ren.valroya.org\/index.php?rest_route=%2Fwp%2Fv2%2Fcategories&post=975"},{"taxonomy":"post_tag","embeddable":true,"href":"https:\/\/ren.valroya.org\/index.php?rest_route=%2Fwp%2Fv2%2Ftags&post=975"}],"curies":[{"name":"wp","href":"https:\/\/api.w.org\/{rel}","templated":true}]}}